{"id":11145,"date":"2024-04-05T16:31:29","date_gmt":"2024-04-05T19:31:29","guid":{"rendered":"https:\/\/despachatur.com.br\/?p=11145"},"modified":"2024-04-05T17:09:25","modified_gmt":"2024-04-05T20:09:25","slug":"visa-de-travail-pour-le-portugal","status":"publish","type":"post","link":"https:\/\/despachatur.com.br\/fr\/visas\/visa-de-travail-pour-le-portugal\/","title":{"rendered":"Visa de travail pour le Portugal"},"content":{"rendered":"<h2>Visa de travail pour le Portugal<\/h2>\n<p>Obtenir un visa de travail pour le Portugal et avoir la chance de r\u00e9sider l\u00e9galement au Portugal est l&#039;objectif de nombreux Br\u00e9siliens qui r\u00eavent de changer de vie et de vivre l&#039;exp\u00e9rience de vivre sur le continent europ\u00e9en.<\/p>\n<p>En raison de la facilit\u00e9 d&#039;utilisation de la langue portugaise, chercher du travail dans le pays portugais est une opportunit\u00e9 toujours recherch\u00e9e par les citoyens br\u00e9siliens.<\/p>\n<p>Cependant, pour obtenir l&#039;approbation d&#039;un visa de travail au Portugal, les Br\u00e9siliens doivent conna\u00eetre les exigences actuelles pour obtenir l&#039;autorisation de travailler au Portugal, avant de commencer le processus de demande de visa de r\u00e9sidence pour activit\u00e9s professionnelles.<\/p>\n<p>Nous avons s\u00e9par\u00e9 ci-dessous les principaux sujets li\u00e9s au processus d&#039;obtention d&#039;un visa de travail pour le Portugal.<\/p>\n<p>\u2022 Permis de travail<br \/>\n\u2022 Visa de recherche d&#039;emploi<br \/>\n\u2022 Documents requis<\/p>\n<h2><strong>Visas de travail<\/strong><\/h2>\n<p>Le visa de travail est destin\u00e9 aux citoyens qui ont d\u00e9j\u00e0 une offre d&#039;emploi valide au Portugal et qui ont l&#039;intention de migrer sur le territoire portugais. D\u00e9couvrez les principaux types de visa de travail !<\/p>\n<h3>Visa pour activit\u00e9 professionnelle subordonn\u00e9e<\/h3>\n<p>Ce visa est destin\u00e9 aux citoyens qui ont un contrat de travail valable plus de 9 mois en tant qu&#039;employ\u00e9 r\u00e9gulier, ce qui signifie que le travailleur doit d\u00e9j\u00e0 faire partie du personnel de l&#039;entreprise qui l&#039;embauche, quel que soit le domaine dans lequel il exercera la fonction.<\/p>\n<h3>Visa de travail professionnel ind\u00e9pendant ou entrepreneurs<\/h3>\n<p>Ce visa est destin\u00e9 aux citoyens qui ont l&#039;intention d&#039;op\u00e9rer sous le r\u00e9gime de prestation de services. Cela signifie que le travailleur ne sera pas li\u00e9 au personnel d&#039;une entreprise contractante, mais agira de mani\u00e8re ind\u00e9pendante dans une activit\u00e9 professionnelle.<\/p>\n<p>Dans le cas des entrepreneurs \u00e9trangers qui investissent au Portugal, \u00e0 des fins de permanence, la d\u00e9cision d\u00e9pendra de l&#039;importance \u00e9conomique et sociale de l&#039;investissement r\u00e9alis\u00e9.<\/p>\n<p>Cependant, dans la plupart des cas, la recherche de travail au Portugal a lieu dans des situations dans lesquelles l&#039;individu ne dispose pas encore d&#039;une offre d&#039;emploi valable. Dans ce cas, le type de visa appropri\u00e9 est le visa de recherche de travail.<\/p>\n<h2>Visa de recherche de travail<\/h2>\n<p>Le visa de recherche de travail permet aux citoyens br\u00e9siliens d&#039;entrer et de s\u00e9journer l\u00e9galement sur le territoire portugais, dans le but de chercher du travail.<\/p>\n<p><a href=\"https:\/\/api.whatsapp.com\/send?phone=5531971660040\" target=\"_blank\" rel=\"noopener\"><img decoding=\"async\" class=\"alignnone wp-image-11149\" src=\"https:\/\/despachatur.com.br\/wp-content\/uploads\/2024\/04\/Captura-de-Tela-2024-04-05-as-16.29.44-300x167.png\" alt=\"\" width=\"100%\" height=\"auto\" title=\"\" srcset=\"https:\/\/despachatur.com.br\/wp-content\/uploads\/2024\/04\/Captura-de-Tela-2024-04-05-as-16.29.44-300x167.png 300w, https:\/\/despachatur.com.br\/wp-content\/uploads\/2024\/04\/Captura-de-Tela-2024-04-05-as-16.29.44-768x428.png 768w, https:\/\/despachatur.com.br\/wp-content\/uploads\/2024\/04\/Captura-de-Tela-2024-04-05-as-16.29.44-18x10.png 18w, https:\/\/despachatur.com.br\/wp-content\/uploads\/2024\/04\/Captura-de-Tela-2024-04-05-as-16.29.44-600x334.png 600w, https:\/\/despachatur.com.br\/wp-content\/uploads\/2024\/04\/Captura-de-Tela-2024-04-05-as-16.29.44.png 1020w\" sizes=\"(max-width: 300px) 100vw, 300px\" \/><\/a><\/p>\n<p>Son fonctionnement est le suivant : \u00e0 son entr\u00e9e sur le territoire, le titulaire du visa disposera d&#039;un d\u00e9lai de 120 jours, qui pourra \u00eatre prolong\u00e9 de 60 jours suppl\u00e9mentaires. Pendant cette p\u00e9riode, la personne aura la possibilit\u00e9 de signer un contrat de travail au Portugal. Si vous ne trouvez pas d&#039;entrepreneur, le citoyen doit retourner dans son pays d&#039;origine.<\/p>\n<p>Rappelons que le visa de recherche de travail ne garantit pas l&#039;autorisation de s\u00e9jour au Portugal, \u00e9tant destin\u00e9 exclusivement \u00e0 la recherche de travail pendant la p\u00e9riode de 120 jours. La permanence n&#039;est accord\u00e9e qu&#039;\u00e0 la fin du contrat de travail.<\/p>\n<h3>Le citoyen br\u00e9silien a un statut sp\u00e9cial<\/h3>\n<p>Les citoyens br\u00e9siliens sont dispens\u00e9s de pr\u00e9senter une preuve de ressources financi\u00e8res s&#039;ils pr\u00e9sentent une condition de responsabilit\u00e9 sign\u00e9e par un citoyen portugais ou un \u00e9tranger r\u00e9sidant au Portugal, qui certifie la nourriture et l&#039;h\u00e9bergement du demandeur de visa.<\/p>\n<p>Cependant, le citoyen charg\u00e9 de signer doit justifier de ressources suffisantes pour maintenir le demandeur sur le territoire portugais !<\/p>\n<h2>O\u00f9 d\u00e9poser la demande de visa ?<\/h2>\n<p>Le lieu de d\u00e9p\u00f4t d\u2019un visa de travail peut varier selon la r\u00e9gion o\u00f9 r\u00e9side le demandeur ! Pour les citoyens r\u00e9sidant dans les \u00c9tats de Rio de Janeiro, S\u00e3o Paulo, Belo Horizonte, Salvador et Bel\u00e9m, VSF Global est l&#039;entreprise charg\u00e9e d&#039;initier les d\u00e9marches et de les acheminer vers les postes consulaires.<\/p>\n<p>\u00c0 leur tour, les postes consulaires de Curitiba, Fortaleza, Porto Alegre et Recife re\u00e7oivent \u00e9galement les demandes de visa, dans leurs domaines d&#039;activit\u00e9 respectifs.<\/p>\n<h2>Documents requis<\/h2>\n<p>Consultez ci-dessous les principaux documents requis pour demander un visa de recherche de travail pour le Portugal !<\/p>\n<p>\u2022 Formulaire de demande de visa national<br \/>\n\u2022 2 photos 3\u00d74\u00a0;<br \/>\n\u2022 Passeport valable plus de trois mois apr\u00e8s la date pr\u00e9vue du retour ;<br \/>\n\u2022 Une assurance voyage valide<br \/>\n\u2022 Extrait de casier judiciaire d\u00e9livr\u00e9 par la Police F\u00e9d\u00e9rale<br \/>\n\u2022 Copie du billet de retour au Br\u00e9sil<\/p>\n<p>Maintenant que vous connaissez les principaux moyens d&#039;obtenir un visa de travail au Portugal, il est temps de planifier, de rechercher les m\u00e9tiers les plus recherch\u00e9s et les villes avec la plus grande offre d&#039;emploi.<\/p>\n<p>M\u00eame si la recherche de meilleures conditions de vie est souhait\u00e9e, la recherche d&#039;un emploi \u00e0 l&#039;\u00e9tranger est toujours un d\u00e9fi, quelles que soient les opportunit\u00e9s, c&#039;est pourquoi une planification pr\u00e9alable, notamment financi\u00e8re, est essentielle.<\/p>\n<p>Entrez en contact avec <a href=\"https:\/\/despachatur.com.br\/fr\/\">Exp\u00e9dition<\/a><\/p>\n<p><img decoding=\"async\" class=\"alignnone wp-image-11148\" src=\"https:\/\/despachatur.com.br\/wp-content\/uploads\/2024\/04\/Captura-de-Tela-2024-04-05-as-16.29.38-300x89.png\" alt=\"\" width=\"100%\" height=\"auto\" title=\"\" srcset=\"https:\/\/despachatur.com.br\/wp-content\/uploads\/2024\/04\/Captura-de-Tela-2024-04-05-as-16.29.38-300x89.png 300w, https:\/\/despachatur.com.br\/wp-content\/uploads\/2024\/04\/Captura-de-Tela-2024-04-05-as-16.29.38-768x228.png 768w, https:\/\/despachatur.com.br\/wp-content\/uploads\/2024\/04\/Captura-de-Tela-2024-04-05-as-16.29.38-18x5.png 18w, https:\/\/despachatur.com.br\/wp-content\/uploads\/2024\/04\/Captura-de-Tela-2024-04-05-as-16.29.38-600x178.png 600w, https:\/\/despachatur.com.br\/wp-content\/uploads\/2024\/04\/Captura-de-Tela-2024-04-05-as-16.29.38.png 1023w\" sizes=\"(max-width: 300px) 100vw, 300px\" \/><\/p>","protected":false},"excerpt":{"rendered":"<p>Visto de Trabalho para Portugal Obter um Visto de Trabalho para Portugal e poder ter a chance de residir legalmente em Portugal \u00e9 o objetivo de muitos brasileiros que sonham em mudar de vida e ter a experi\u00eancia de viver no continente europeu. Devido a quest\u00e3o da facilidade do idioma portugu\u00eas, a procura de trabalho [&hellip;]<\/p>\n","protected":false},"author":1,"featured_media":11154,"comment_status":"closed","ping_status":"closed","sticky":false,"template":"","format":"standard","meta":{"footnotes":""},"categories":[174],"tags":[],"class_list":["post-11145","post","type-post","status-publish","format-standard","has-post-thumbnail","hentry","category-vistos"],"_links":{"self":[{"href":"https:\/\/despachatur.com.br\/fr\/wp-json\/wp\/v2\/posts\/11145","targetHints":{"allow":["GET"]}}],"collection":[{"href":"https:\/\/despachatur.com.br\/fr\/wp-json\/wp\/v2\/posts"}],"about":[{"href":"https:\/\/despachatur.com.br\/fr\/wp-json\/wp\/v2\/types\/post"}],"author":[{"embeddable":true,"href":"https:\/\/despachatur.com.br\/fr\/wp-json\/wp\/v2\/users\/1"}],"replies":[{"embeddable":true,"href":"https:\/\/despachatur.com.br\/fr\/wp-json\/wp\/v2\/comments?post=11145"}],"version-history":[{"count":0,"href":"https:\/\/despachatur.com.br\/fr\/wp-json\/wp\/v2\/posts\/11145\/revisions"}],"wp:featuredmedia":[{"embeddable":true,"href":"https:\/\/despachatur.com.br\/fr\/wp-json\/wp\/v2\/media\/11154"}],"wp:attachment":[{"href":"https:\/\/despachatur.com.br\/fr\/wp-json\/wp\/v2\/media?parent=11145"}],"wp:term":[{"taxonomy":"category","embeddable":true,"href":"https:\/\/despachatur.com.br\/fr\/wp-json\/wp\/v2\/categories?post=11145"},{"taxonomy":"post_tag","embeddable":true,"href":"https:\/\/despachatur.com.br\/fr\/wp-json\/wp\/v2\/tags?post=11145"}],"curies":[{"name":"wp","href":"https:\/\/api.w.org\/{rel}","templated":true}]}}